{"id":10751,"date":"2024-06-05T11:10:10","date_gmt":"2024-06-05T10:10:10","guid":{"rendered":"https:\/\/laser.usal.es\/alf\/?p=10751"},"modified":"2024-06-05T11:23:54","modified_gmt":"2024-06-05T10:23:54","slug":"op-sesion-novel-ultrafast-sources-for-attosecond-spectroscopy","status":"publish","type":"post","link":"https:\/\/laser.usal.es\/alf\/es\/2024\/06\/05\/op-sesion-novel-ultrafast-sources-for-attosecond-spectroscopy\/","title":{"rendered":"OP Sesi\u00f3n &#8211; Novel ultrafast sources for attosecond spectroscopy"},"content":{"rendered":"\t\t<div data-elementor-type=\"wp-post\" data-elementor-id=\"10751\" class=\"elementor elementor-10751\">\n\t\t\t\t\t\t<section class=\"elementor-section elementor-top-section elementor-element elementor-element-e1116f7 elementor-section-boxed elementor-section-height-default elementor-section-height-default\" data-id=\"e1116f7\" data-element_type=\"section\" data-e-type=\"section\">\n\t\t\t\t\t\t<div class=\"elementor-container elementor-column-gap-default\">\n\t\t\t\t\t<div class=\"elementor-column elementor-col-100 elementor-top-column elementor-element elementor-element-c80e89f\" data-id=\"c80e89f\" data-element_type=\"column\" data-e-type=\"column\">\n\t\t\t<div class=\"elementor-widget-wrap elementor-element-populated\">\n\t\t\t\t\t\t<div class=\"elementor-element elementor-element-63c0029 elementor-widget elementor-widget-text-editor\" data-id=\"63c0029\" data-element_type=\"widget\" data-e-type=\"widget\" data-widget_type=\"text-editor.default\">\n\t\t\t\t<div class=\"elementor-widget-container\">\n\t\t\t\t\t\t\t\t\t<p style=\"text-align: justify;\"><strong><a href=\"https:\/\/ifn.cnr.it\/people\/rocio-borrego-varillas\/\" target=\"_blank\" rel=\"noopener\">Roc\u00edo Borrego Varillas<\/a><\/strong> del Istituto di Fotonica e Nanotecnologie del Consiglio Nazionale delle Ricerche, impartir\u00e1 el seminario titulado <strong>\u00abNovel ultrafast sources for attosecond spectroscopy\u00bb<\/strong> el pr\u00f3ximo 11 de junio a las 12:30.<\/p><p style=\"text-align: justify;\">El seminario tendr\u00e1 lugar en el aula VII del Edificio Triling\u00fce en la Universidad de Salamanca.\u00a0<\/p>\t\t\t\t\t\t\t\t<\/div>\n\t\t\t\t<\/div>\n\t\t\t\t\t<\/div>\n\t\t<\/div>\n\t\t\t\t\t<\/div>\n\t\t<\/section>\n\t\t\t\t<\/div>\n\t\t\n<div class=\"twitter-share\"><a href=\"https:\/\/twitter.com\/intent\/tweet?via=OpticaExtrema\" class=\"twitter-share-button\">Twittear<\/a><\/div>\n","protected":false},"excerpt":{"rendered":"<p>Roc\u00edo Borrego Varillas del Istituto di Fotonica e Nanotecnologie del Consiglio Nazionale delle Ricerche, impartir\u00e1 el seminario titulado \u00abNovel ultrafast sources for attosecond spectroscopy\u00bb el pr\u00f3ximo 11 de junio a las 12:30. El seminario tendr\u00e1 lugar en el aula VII del Edificio Triling\u00fce en la Universidad de Salamanca.\u00a0<\/p>\n","protected":false},"author":1,"featured_media":10752,"comment_status":"open","ping_status":"open","sticky":false,"template":"","format":"standard","meta":{"footnotes":""},"categories":[410],"tags":[],"class_list":["post-10751","post","type-post","status-publish","format-standard","has-post-thumbnail","hentry","category-wop-sesiones"],"_links":{"self":[{"href":"https:\/\/laser.usal.es\/alf\/wp-json\/wp\/v2\/posts\/10751","targetHints":{"allow":["GET"]}}],"collection":[{"href":"https:\/\/laser.usal.es\/alf\/wp-json\/wp\/v2\/posts"}],"about":[{"href":"https:\/\/laser.usal.es\/alf\/wp-json\/wp\/v2\/types\/post"}],"author":[{"embeddable":true,"href":"https:\/\/laser.usal.es\/alf\/wp-json\/wp\/v2\/users\/1"}],"replies":[{"embeddable":true,"href":"https:\/\/laser.usal.es\/alf\/wp-json\/wp\/v2\/comments?post=10751"}],"version-history":[{"count":4,"href":"https:\/\/laser.usal.es\/alf\/wp-json\/wp\/v2\/posts\/10751\/revisions"}],"predecessor-version":[{"id":10758,"href":"https:\/\/laser.usal.es\/alf\/wp-json\/wp\/v2\/posts\/10751\/revisions\/10758"}],"wp:featuredmedia":[{"embeddable":true,"href":"https:\/\/laser.usal.es\/alf\/wp-json\/wp\/v2\/media\/10752"}],"wp:attachment":[{"href":"https:\/\/laser.usal.es\/alf\/wp-json\/wp\/v2\/media?parent=10751"}],"wp:term":[{"taxonomy":"category","embeddable":true,"href":"https:\/\/laser.usal.es\/alf\/wp-json\/wp\/v2\/categories?post=10751"},{"taxonomy":"post_tag","embeddable":true,"href":"https:\/\/laser.usal.es\/alf\/wp-json\/wp\/v2\/tags?post=10751"}],"curies":[{"name":"wp","href":"https:\/\/api.w.org\/{rel}","templated":true}]}}