{"id":11070,"date":"2024-07-08T12:47:21","date_gmt":"2024-07-08T11:47:21","guid":{"rendered":"https:\/\/laser.usal.es\/alf\/?p=11070"},"modified":"2024-07-12T13:21:17","modified_gmt":"2024-07-12T12:21:17","slug":"participation-of-the-alf-usal-group-in-rno2024","status":"publish","type":"post","link":"https:\/\/laser.usal.es\/alf\/en\/2024\/07\/08\/participation-of-the-alf-usal-group-in-rno2024\/","title":{"rendered":"Participation of the ALF USAL Group in RNO2024"},"content":{"rendered":"\t\t<div data-elementor-type=\"wp-post\" data-elementor-id=\"11070\" class=\"elementor elementor-11070\">\n\t\t\t\t\t\t<section class=\"elementor-section elementor-top-section elementor-element elementor-element-2c8c08e elementor-section-boxed elementor-section-height-default elementor-section-height-default\" data-id=\"2c8c08e\" data-element_type=\"section\" data-e-type=\"section\">\n\t\t\t\t\t\t<div class=\"elementor-container elementor-column-gap-default\">\n\t\t\t\t\t<div class=\"elementor-column elementor-col-100 elementor-top-column elementor-element elementor-element-a39854f\" data-id=\"a39854f\" data-element_type=\"column\" data-e-type=\"column\">\n\t\t\t<div class=\"elementor-widget-wrap elementor-element-populated\">\n\t\t\t\t\t\t<div class=\"elementor-element elementor-element-d248d7d elementor-widget elementor-widget-text-editor\" data-id=\"d248d7d\" data-element_type=\"widget\" data-e-type=\"widget\" data-widget_type=\"text-editor.default\">\n\t\t\t\t<div class=\"elementor-widget-container\">\n\t\t\t\t\t\t\t\t\t<p style=\"text-align: justify;\">The ALF USAL group had a prominent participation in the <strong><a href=\"https:\/\/www.rno2024.es\/\" target=\"_blank\" rel=\"noopener\">XIV National Optics Meeting and the V National Young Optics Meeting (RNO2024)<\/a><\/strong> held from July 2 to 5 in Murcia, Spain.<\/p><p style=\"text-align: justify;\">This event, which brings together leading experts and young talents in the field of optics, has been an exceptional platform to present the latest advances in research and development in this field.<\/p><p style=\"text-align: justify;\">The group contributed with a series of works that address various areas of modern optics, standing out for their innovation and scientific rigor. The presented works are summarized below:<\/p><ol style=\"text-align: justify;\"><li><strong>Attosecond Structured Light\u00a0<\/strong>(Invited)<br \/><em>Autor: Hern\u00e1ndez Garc\u00eda, C.<\/em><\/li><li><strong>Dise\u00f1o de gu\u00edas de ondas superficiales optimizadas para sensado y extracci\u00f3n de luz en materiales cristalinos fabricadas mediante escritura directa con l\u00e1ser de femtosegundo\u00a0<\/strong>(Oral)<br \/><em>Autores: Arroyo Heras, V., L\u00f3pez Quintas, I., V\u00e1zquez De Aldana, J. R., Bonduelle, M., Mart\u00edn, G., &amp; Romero V\u00e1zquez, C.<\/em><\/li><li><strong>Medida de pulsos ultracortos vectoriales con amplitude swing\u00a0<\/strong>(Oral)<br \/><em>Autores: Barbero, C., Alonso, B., &amp; Sola Larra\u00f1aga, I. J.<\/em><\/li><li><strong>Towards an all-fiber source of isolated attosecond pulses driven by high-energy sub-cycle waveforms from soliton dynamics\u00a0<\/strong>(Oral)<br \/><em>Autores: Fern\u00e1ndez Gal\u00e1n, M., Serrano, J., Conejero Jarque, E., Borrego-Varillas, R., Lucchini, M., Reduzzi, M., Nisoli, M., Brahms, C., Travers, J. C., Herna\u0144dez-Garc\u00eda, C., &amp; San Rom\u00e1n, J.<\/em><\/li><li><strong>Sistema \u00f3ptico aplicado a la espectroscop\u00eda resuelta en tiempo en el rango de femtosegundo y picosegundo\u00a0<\/strong>(Oral)<br \/><em>Autores: Guerras, M., L\u00f3pe Quint\u00e1s, I., &amp; Sola Larra\u00f1aga, I. J.<\/em><\/li><li><strong>Intense and isolated polarization-controlled magnetic fields from structured laser beams to drive nonlinear magnetization dynamics\u00a0<\/strong>(Oral)<br \/><em>Autores: Mart\u00edn Domene, S., S\u00e1nchez-Tejerina, L., Mart\u00edn-Hern\u00e1ndez, R., &amp; Hern\u00e1ndez Garc\u00eda, C.<\/em><\/li><li><strong>Generation of extreme-ultraviolet high-topological charge spatiotemporal optical vortices\u00a0<\/strong>(Oral)<br \/><em>Autores: Mart\u00edn-Hern\u00e1ndez, R., Gui, G., Plaja, L., Kapteyn, H. C., Murnane, M. M., Liao, C.-T., Porras, M. \u00c1., &amp; Hernandez-Garcia, C.<\/em><\/li><li><strong>Self-interference of Hermite-Gaussian high-order harmonics simulated through machine learning\u00a0<\/strong>(Oral)<br \/><em>Autores: Pablos-Mar\u00edn, J. M., Schmidt, D., De Las Heras, A., Westlake, N., Serrano, J., Lei, Y., Kazansky, P., Adams, D., Durfee, C., &amp; Hern\u00e1ndez Garc\u00eda, C.<\/em><\/li><li><strong>Topological spectroscopy: High Harmonic Generation from Graphene irradiated by structured fields\u00a0<\/strong>(Oral)<br \/><em>Autores: Plaja, L., Garc\u00eda Cabrera, A., Boyero-Garc\u00eda, R., Zurr\u00f3n-Cifuentes, O., Serrano, J., San Rom\u00e1n, J., &amp; Hern\u00e1ndez-Garc\u00eda, C.<\/em><\/li><li><div class=\"csl-entry\"><strong>Improving pulse self-compression in photonic crystal fibers using particle swarm optimization algorithm.<\/strong> (Oral)<\/div><div class=\"csl-entry\"><em>Autores: Vaquero, A., Gal\u00e1n, M. F., Rodr\u00edguez Fr\u00edas, M. D., Conejero Jarque, E., &amp; M\u00e9ndez, C.<\/em><\/div><\/li><li><div class=\"csl-bib-body\"><div class=\"csl-entry\"><strong>Macroscopic simulations of high-order harmonic generation assisted by artificial intelligence<\/strong>. (Oral)<\/div><div><em>Autores: Serrano, J., Pablos-Mar\u00edn, J. M., &amp; Hern\u00e1ndez Garc\u00eda, C.<\/em><\/div><\/div><\/li><li><div class=\"csl-bib-body\"><div class=\"csl-entry\"><strong>Clean Temporal Pulses from All-Bulk Multipass Cells<\/strong>. (Oral)<\/div><div><em>Autores: Segundo-Staels, V., Conejero Jarque, E., &amp; San Roman, J.\u00a0<\/em><\/div><\/div><\/li><li><div class=\"csl-bib-body\"><div class=\"csl-entry\"><strong>Microscop\u00eda de generaci\u00f3n de segundo arm\u00f3nico en cristales microestructurados con pulsos de femtosegundo: BBO y Nd:YAG.<\/strong> (Oral)<\/div><div><em>Autores: Sevilla-Sierra, N., Rodr\u00edguez V\u00e1zquez de Aldana, J., Romero V\u00e1zquez, C., Mateos, X., &amp; L\u00f3pez Quintas, I.<\/em><\/div><\/div><\/li><li><strong>PW-class laser spatio-temporal characterization <\/strong>(P\u00f3ster)<br \/><em>Autores: Barbero, C., Garc\u00eda-Garc\u00eda, E., Mendez, C., Rodr\u00edguez Frias, M. D., L\u00f3pez-Ripa, M., Sola Larra\u00f1aga, I. J., &amp; Alonso Fern\u00e1ndez, B.<\/em><\/li><li><div class=\"csl-bib-body\"><div class=\"csl-entry\"><div class=\"csl-bib-body\"><div class=\"csl-entry\"><strong>Fabricaci\u00f3n de dispositivos fot\u00f3nicos funcionales mediante escritura directa con l\u00e1seres de femtosegundo. <\/strong>(P\u00f3ster)<\/div><div class=\"csl-entry\"><em>Autores: Romero V\u00e1zquez, C., Arroyo Heras, V., Sevilla Sierra, N., L\u00f3pez Quint\u00e1s, I., &amp; V\u00e1zquez De Aldana, J. R.\u00a0<\/em><\/div><\/div><\/div><\/div><\/li><\/ol><p style=\"text-align: justify;\">In addition to presenting their work, the researchers from the ALF USAL group also contributed to the conference by moderating several oral communication sessions:<\/p><ul style=\"text-align: justify;\"><li>Luis Plaja, moderator of the Quantum and Nonlinear Optics session on Wednesday, July 3<\/li><li>Carlos Hern\u00e1ndez Garc\u00eda, moderator of the Quantum and Nonlinear Optics session on Thursday, July 4<\/li><\/ul><p style=\"text-align: justify;\">These works reflect the ALF USAL group&#8217;s commitment to scientific excellence and their ability to lead in the field of optical research. The diversity and depth of their studies presented at RNO2024 underscore their crucial role in advancing modern optics.<\/p>\t\t\t\t\t\t\t\t<\/div>\n\t\t\t\t<\/div>\n\t\t\t\t\t<\/div>\n\t\t<\/div>\n\t\t\t\t\t<\/div>\n\t\t<\/section>\n\t\t\t\t<section class=\"elementor-section elementor-top-section elementor-element elementor-element-c139e2c elementor-section-boxed elementor-section-height-default elementor-section-height-default\" data-id=\"c139e2c\" data-element_type=\"section\" data-e-type=\"section\">\n\t\t\t\t\t\t<div class=\"elementor-container elementor-column-gap-default\">\n\t\t\t\t\t<div class=\"elementor-column elementor-col-100 elementor-top-column elementor-element elementor-element-7d4c0ab\" data-id=\"7d4c0ab\" data-element_type=\"column\" data-e-type=\"column\">\n\t\t\t<div class=\"elementor-widget-wrap elementor-element-populated\">\n\t\t\t\t\t\t<div class=\"elementor-element elementor-element-23b6c36 elementor-widget elementor-widget-image\" data-id=\"23b6c36\" data-element_type=\"widget\" data-e-type=\"widget\" data-widget_type=\"image.default\">\n\t\t\t\t<div class=\"elementor-widget-container\">\n\t\t\t\t\t\t\t\t\t\t\t\t\t\t\t<img fetchpriority=\"high\" decoding=\"async\" width=\"768\" height=\"396\" src=\"https:\/\/laser.usal.es\/alf\/wp-content\/uploads\/2024\/07\/GRosJ9EW8AAW0CV-1-768x396.jpeg\" class=\"attachment-medium_large size-medium_large wp-image-11042\" alt=\"\" srcset=\"https:\/\/laser.usal.es\/alf\/wp-content\/uploads\/2024\/07\/GRosJ9EW8AAW0CV-1-768x396.jpeg 768w, https:\/\/laser.usal.es\/alf\/wp-content\/uploads\/2024\/07\/GRosJ9EW8AAW0CV-1-300x155.jpeg 300w, https:\/\/laser.usal.es\/alf\/wp-content\/uploads\/2024\/07\/GRosJ9EW8AAW0CV-1-1024x528.jpeg 1024w, https:\/\/laser.usal.es\/alf\/wp-content\/uploads\/2024\/07\/GRosJ9EW8AAW0CV-1-1536x792.jpeg 1536w, https:\/\/laser.usal.es\/alf\/wp-content\/uploads\/2024\/07\/GRosJ9EW8AAW0CV-1-2048x1056.jpeg 2048w\" sizes=\"(max-width: 768px) 100vw, 768px\" \/>\t\t\t\t\t\t\t\t\t\t\t\t\t\t\t<\/div>\n\t\t\t\t<\/div>\n\t\t\t\t\t<\/div>\n\t\t<\/div>\n\t\t\t\t\t<\/div>\n\t\t<\/section>\n\t\t\t\t<\/div>\n\t\t\n<div class=\"twitter-share\"><a href=\"https:\/\/twitter.com\/intent\/tweet?via=OpticaExtrema\" class=\"twitter-share-button\">Twittear<\/a><\/div>\n","protected":false},"excerpt":{"rendered":"<p>The ALF USAL group had a prominent participation in the XIV National Optics Meeting and the V National Young Optics Meeting (RNO2024) held from July 2 to 5 in Murcia, Spain. This event, which brings together leading experts and young talents in the field of optics, has been an exceptional platform to present the latest<\/p>\n","protected":false},"author":1,"featured_media":11041,"comment_status":"open","ping_status":"open","sticky":false,"template":"","format":"standard","meta":{"footnotes":""},"categories":[408,421],"tags":[],"class_list":["post-11070","post","type-post","status-publish","format-standard","has-post-thumbnail","hentry","category-alf-results","category-events-and-congress"],"_links":{"self":[{"href":"https:\/\/laser.usal.es\/alf\/wp-json\/wp\/v2\/posts\/11070","targetHints":{"allow":["GET"]}}],"collection":[{"href":"https:\/\/laser.usal.es\/alf\/wp-json\/wp\/v2\/posts"}],"about":[{"href":"https:\/\/laser.usal.es\/alf\/wp-json\/wp\/v2\/types\/post"}],"author":[{"embeddable":true,"href":"https:\/\/laser.usal.es\/alf\/wp-json\/wp\/v2\/users\/1"}],"replies":[{"embeddable":true,"href":"https:\/\/laser.usal.es\/alf\/wp-json\/wp\/v2\/comments?post=11070"}],"version-history":[{"count":7,"href":"https:\/\/laser.usal.es\/alf\/wp-json\/wp\/v2\/posts\/11070\/revisions"}],"predecessor-version":[{"id":11078,"href":"https:\/\/laser.usal.es\/alf\/wp-json\/wp\/v2\/posts\/11070\/revisions\/11078"}],"wp:featuredmedia":[{"embeddable":true,"href":"https:\/\/laser.usal.es\/alf\/wp-json\/wp\/v2\/media\/11041"}],"wp:attachment":[{"href":"https:\/\/laser.usal.es\/alf\/wp-json\/wp\/v2\/media?parent=11070"}],"wp:term":[{"taxonomy":"category","embeddable":true,"href":"https:\/\/laser.usal.es\/alf\/wp-json\/wp\/v2\/categories?post=11070"},{"taxonomy":"post_tag","embeddable":true,"href":"https:\/\/laser.usal.es\/alf\/wp-json\/wp\/v2\/tags?post=11070"}],"curies":[{"name":"wp","href":"https:\/\/api.w.org\/{rel}","templated":true}]}}