{"id":5704,"date":"2019-06-27T13:33:06","date_gmt":"2019-06-27T12:33:06","guid":{"rendered":"https:\/\/laser.usal.es\/alf\/?p=5704"},"modified":"2021-11-25T14:16:47","modified_gmt":"2021-11-25T13:16:47","slug":"fisicos-espanoles-descubren-una-nueva-propiedad-de-la-luz","status":"publish","type":"post","link":"https:\/\/laser.usal.es\/alf\/es\/2019\/06\/27\/fisicos-espanoles-descubren-una-nueva-propiedad-de-la-luz\/","title":{"rendered":"F\u00edsicos espa\u00f1oles descubren una nueva propiedad de la luz."},"content":{"rendered":"\t\t<div data-elementor-type=\"wp-post\" data-elementor-id=\"5704\" class=\"elementor elementor-5704\">\n\t\t\t\t\t\t<section class=\"elementor-section elementor-top-section elementor-element elementor-element-7517e64f elementor-section-boxed elementor-section-height-default elementor-section-height-default\" data-id=\"7517e64f\" data-element_type=\"section\" data-e-type=\"section\">\n\t\t\t\t\t\t<div class=\"elementor-container elementor-column-gap-default\">\n\t\t\t\t\t<div class=\"elementor-column elementor-col-100 elementor-top-column elementor-element elementor-element-4bf79ab5\" data-id=\"4bf79ab5\" data-element_type=\"column\" data-e-type=\"column\">\n\t\t\t<div class=\"elementor-widget-wrap elementor-element-populated\">\n\t\t\t\t\t\t<div class=\"elementor-element elementor-element-3cb7d6fd elementor-widget elementor-widget-text-editor\" data-id=\"3cb7d6fd\" data-element_type=\"widget\" data-e-type=\"widget\" data-widget_type=\"text-editor.default\">\n\t\t\t\t<div class=\"elementor-widget-container\">\n\t\t\t\t\t\t\t\t\t<p style=\"text-align: justify;\">El peri\u00f3dico El Mundo publica en su version online dentro de la secci\u00f3n Ciencia un articulo sobre el descubrimiento del \u00abautotorque\u00bb de la luz que han realizado investigadores del grupo de Aplicaciones L\u00e1ser y Fot\u00f3nica en colaboraci\u00f3n con el\u00a0grupo <strong><a href=\"https:\/\/jila.colorado.edu\">JILA de la Universidad de Colorado <\/a><\/strong>en Estados Unidos y el <a href=\"https:\/\/www.icfo.eu\"><strong>Instituto de Ciencias F\u00f3tonicas (ICFO)<\/strong><\/a> en Barcelona.\u00a0<\/p><p style=\"text-align: justify;\">Puedes leer el reportaje al completo en el siguiente enlace:\u00a0<\/p>\t\t\t\t\t\t\t\t<\/div>\n\t\t\t\t<\/div>\n\t\t\t\t\t<\/div>\n\t\t<\/div>\n\t\t\t\t\t<\/div>\n\t\t<\/section>\n\t\t\t\t<section class=\"elementor-section elementor-top-section elementor-element elementor-element-9ad1b17 elementor-section-boxed elementor-section-height-default elementor-section-height-default\" data-id=\"9ad1b17\" data-element_type=\"section\" data-e-type=\"section\">\n\t\t\t\t\t\t<div class=\"elementor-container elementor-column-gap-default\">\n\t\t\t\t\t<div class=\"elementor-column elementor-col-100 elementor-top-column elementor-element elementor-element-47cde9d\" data-id=\"47cde9d\" data-element_type=\"column\" data-e-type=\"column\">\n\t\t\t<div class=\"elementor-widget-wrap elementor-element-populated\">\n\t\t\t\t\t\t<div class=\"elementor-element elementor-element-01bc25f elementor-align-center elementor-widget elementor-widget-button\" data-id=\"01bc25f\" data-element_type=\"widget\" data-e-type=\"widget\" data-widget_type=\"button.default\">\n\t\t\t\t<div class=\"elementor-widget-container\">\n\t\t\t\t\t\t\t\t\t<div class=\"elementor-button-wrapper\">\n\t\t\t\t\t<a class=\"elementor-button elementor-button-link elementor-size-sm\" href=\"https:\/\/www.elmundo.es\/ciencia-y-salud\/ciencia\/2019\/06\/27\/5d14e1ee21efa0b0578b45d5.html\">\n\t\t\t\t\t\t<span class=\"elementor-button-content-wrapper\">\n\t\t\t\t\t\t\t\t\t<span class=\"elementor-button-text\">V\u00ednculo al art\u00edculo<\/span>\n\t\t\t\t\t<\/span>\n\t\t\t\t\t<\/a>\n\t\t\t\t<\/div>\n\t\t\t\t\t\t\t\t<\/div>\n\t\t\t\t<\/div>\n\t\t\t\t\t<\/div>\n\t\t<\/div>\n\t\t\t\t\t<\/div>\n\t\t<\/section>\n\t\t\t\t<\/div>\n\t\t\n<div class=\"twitter-share\"><a href=\"https:\/\/twitter.com\/intent\/tweet?via=OpticaExtrema\" class=\"twitter-share-button\">Twittear<\/a><\/div>\n","protected":false},"excerpt":{"rendered":"<p>El peri\u00f3dico El Mundo publica en su version online dentro de la secci\u00f3n Ciencia un articulo sobre el descubrimiento del \u00abautotorque\u00bb de la luz que han realizado investigadores del grupo de Aplicaciones L\u00e1ser y Fot\u00f3nica en colaboraci\u00f3n con el\u00a0grupo JILA de la Universidad de Colorado en Estados Unidos y el Instituto de Ciencias F\u00f3tonicas (ICFO)<\/p>\n","protected":false},"author":1,"featured_media":3392,"comment_status":"open","ping_status":"closed","sticky":false,"template":"","format":"standard","meta":{"footnotes":""},"categories":[368],"tags":[323],"class_list":["post-5704","post","type-post","status-publish","format-standard","has-post-thumbnail","hentry","category-sala-de-prensa","tag-science-daily"],"_links":{"self":[{"href":"https:\/\/laser.usal.es\/alf\/wp-json\/wp\/v2\/posts\/5704","targetHints":{"allow":["GET"]}}],"collection":[{"href":"https:\/\/laser.usal.es\/alf\/wp-json\/wp\/v2\/posts"}],"about":[{"href":"https:\/\/laser.usal.es\/alf\/wp-json\/wp\/v2\/types\/post"}],"author":[{"embeddable":true,"href":"https:\/\/laser.usal.es\/alf\/wp-json\/wp\/v2\/users\/1"}],"replies":[{"embeddable":true,"href":"https:\/\/laser.usal.es\/alf\/wp-json\/wp\/v2\/comments?post=5704"}],"version-history":[{"count":14,"href":"https:\/\/laser.usal.es\/alf\/wp-json\/wp\/v2\/posts\/5704\/revisions"}],"predecessor-version":[{"id":5770,"href":"https:\/\/laser.usal.es\/alf\/wp-json\/wp\/v2\/posts\/5704\/revisions\/5770"}],"wp:featuredmedia":[{"embeddable":true,"href":"https:\/\/laser.usal.es\/alf\/wp-json\/wp\/v2\/media\/3392"}],"wp:attachment":[{"href":"https:\/\/laser.usal.es\/alf\/wp-json\/wp\/v2\/media?parent=5704"}],"wp:term":[{"taxonomy":"category","embeddable":true,"href":"https:\/\/laser.usal.es\/alf\/wp-json\/wp\/v2\/categories?post=5704"},{"taxonomy":"post_tag","embeddable":true,"href":"https:\/\/laser.usal.es\/alf\/wp-json\/wp\/v2\/tags?post=5704"}],"curies":[{"name":"wp","href":"https:\/\/api.w.org\/{rel}","templated":true}]}}