{"id":6270,"date":"2022-01-14T15:35:18","date_gmt":"2022-01-14T14:35:18","guid":{"rendered":"https:\/\/laser.usal.es\/alf\/?p=6270"},"modified":"2022-02-09T14:56:49","modified_gmt":"2022-02-09T13:56:49","slug":"moldeando-estructuras-complejas-en-la-luz-de-alta-frecuencia","status":"publish","type":"post","link":"https:\/\/laser.usal.es\/alf\/es\/2022\/01\/14\/moldeando-estructuras-complejas-en-la-luz-de-alta-frecuencia\/","title":{"rendered":"Moldeando estructuras complejas en la luz de alta frecuencia"},"content":{"rendered":"\t\t<div data-elementor-type=\"wp-post\" data-elementor-id=\"6270\" class=\"elementor elementor-6270\">\n\t\t\t\t\t\t<section class=\"elementor-section elementor-top-section elementor-element elementor-element-3cdefe61 elementor-section-boxed elementor-section-height-default elementor-section-height-default\" data-id=\"3cdefe61\" data-element_type=\"section\" data-e-type=\"section\">\n\t\t\t\t\t\t<div class=\"elementor-container elementor-column-gap-default\">\n\t\t\t\t\t<div class=\"elementor-column elementor-col-100 elementor-top-column elementor-element elementor-element-7f5285e\" data-id=\"7f5285e\" data-element_type=\"column\" data-e-type=\"column\">\n\t\t\t<div class=\"elementor-widget-wrap elementor-element-populated\">\n\t\t\t\t\t\t<div class=\"elementor-element elementor-element-43341958 elementor-widget elementor-widget-text-editor\" data-id=\"43341958\" data-element_type=\"widget\" data-e-type=\"widget\" data-widget_type=\"text-editor.default\">\n\t\t\t\t<div class=\"elementor-widget-container\">\n\t\t\t\t\t\t\t\t\t<div class=\"\" dir=\"auto\" style=\"text-align: justify;\">\n<p><span style=\"font-weight: 400;\">La prestigiosa revista <em>Optica<\/em> acaba de publicar un nuevo art\u00edculo en el que se demuestra la generaci\u00f3n de luz de alta frecuencia con m\u00faltiples direcciones de vibraci\u00f3n y una estructura de fase espiral. La investigaci\u00f3n es fruto de una colaboraci\u00f3n te\u00f3rico-experimental internacional entre el Grupo de Aplicaciones del L\u00e1ser y Fot\u00f3nica de la Universidad de Salamanca, la <em>Universidad Paris-Saclay<\/em> y <em>la Colorado School of Mines<\/em>, y se enmarca dentro del proyecto europeo <strong><a href=\"https:\/\/laser.usal.es\/attostructura\/en\/home\/\" target=\"_blank\" rel=\"noopener\">ERC ATTOSTRUCTURA<\/a><\/strong>.\u00a0<\/span><\/p>\n<p><span style=\"font-weight: 400;\">Una de las grandes ventajas de la luz l\u00e1ser es que podemos moldear sus propiedades espaciales para explorar nuevos escenarios en la interacci\u00f3n luz-materia y tambi\u00e9n para optimizar algunas aplicaciones como las t\u00e9cnicas de imagen o las comunicaciones \u00f3pticas.<\/span><\/p>\n<p><span style=\"font-weight: 400;\">En este trabajo organizamos la distribuci\u00f3n de la fase (o de los estados de oscilaci\u00f3n) en forma de h\u00e9lice, que es la caracter\u00edstica de los v\u00f3rtices \u00f3pticos o \u201cremolinos de luz\u201d. Adem\u00e1s, configuramos distintas polarizaciones (direcciones de oscilaci\u00f3n) en un \u00fanico haz l\u00e1ser. Las formas de luz que combinan ambas propiedades se denominan v\u00f3rtices \u00f3pticos vectoriales.\u00a0<\/span><\/p>\n<p><span style=\"font-weight: 400;\">En el r\u00e9gimen de alta frecuencia resulta m\u00e1s complicado estructurar la luz l\u00e1ser, debido a que la mayor\u00eda de los de los dispositivos convencionales no son eficientes para la radiaci\u00f3n ultravioleta, los rayos X o los rayos gamma. Sin embargo, podemos eludir este problema gracias a la generaci\u00f3n de arm\u00f3nicos de orden elevado. Este proceso de \u00f3ptica no lineal, en el que un l\u00e1ser visible o infrarrojo de alta intensidad interacciona con los \u00e1tomos de un gas, nos permite transferir las propiedades hacia el ultravioleta lejano o los rayos X.\u00a0<\/span><\/p>\n<p><span style=\"font-weight: 400;\">La investigaci\u00f3n publicada en <\/span><i><span style=\"font-weight: 400;\">Optica<\/span><\/i><span style=\"font-weight: 400;\"> demuestra que podemos generar v\u00f3rtices \u00f3pticos vectoriales en el ultravioleta lejano con este proceso de conversi\u00f3n no lineal, gracias a las leyes f\u00edsicas de conservaci\u00f3n en la generaci\u00f3n de arm\u00f3nicos de orden alto. Nuestra propuesta te\u00f3rica de una nueva cantidad conservada, la carga topol\u00f3gica de Pancharatnam, en la generaci\u00f3n de arm\u00f3nicos de orden elevado ha sido confirmada experimentalmente en el laboratorio de Paris-Sacla<\/span>.<\/p>\n<div>\n<p><em><span lang=\"EN-US\">Mas informacion en: <\/span><\/em><\/p>\n<div class=\"csl-bib-body\">\n<div class=\"csl-entry\">Heras, A. de las, Pandey, A. K., Rom\u00e1n, J. S., Serrano, J., Baynard, E., Dovillaire, G., Pittman, M., Durfee, C. G., Plaja, L., Kazamias, S., Guilbaud, O., &amp; Hern\u00e1ndez-Garc\u00eda, C. (2022). Extreme-ultraviolet vector-vortex beams from high harmonic generation. <i>Optica<\/i>, <i>9<\/i>(1), 71-79. <a href=\"https:\/\/doi.org\/10.1364\/OPTICA.442304\">https:\/\/doi.org\/10.1364\/OPTICA.442304<\/a><\/div>\n<div>\u00a0<\/div>\n<\/div>\n<\/div>\n<div>\n<p>Descargalo en Gredos @Universidad de Salamanca: <a href=\"http:\/\/hdl.handle.net\/10366\/148315\">http:\/\/hdl.handle.net\/10366\/146004<\/a><\/p>\n<\/div>\n<\/div>\n<div class=\"\">\u00a0<\/div>\t\t\t\t\t\t\t\t<\/div>\n\t\t\t\t<\/div>\n\t\t\t\t\t<\/div>\n\t\t<\/div>\n\t\t\t\t\t<\/div>\n\t\t<\/section>\n\t\t\t\t<section class=\"elementor-section elementor-top-section elementor-element elementor-element-24aba56 elementor-section-boxed elementor-section-height-default elementor-section-height-default\" data-id=\"24aba56\" data-element_type=\"section\" data-e-type=\"section\">\n\t\t\t\t\t\t<div class=\"elementor-container elementor-column-gap-default\">\n\t\t\t\t\t<div class=\"elementor-column elementor-col-100 elementor-top-column elementor-element elementor-element-34521df\" data-id=\"34521df\" data-element_type=\"column\" data-e-type=\"column\">\n\t\t\t<div class=\"elementor-widget-wrap elementor-element-populated\">\n\t\t\t\t\t\t<div class=\"elementor-element elementor-element-dd1b032 elementor-widget elementor-widget-image\" data-id=\"dd1b032\" data-element_type=\"widget\" data-e-type=\"widget\" data-widget_type=\"image.default\">\n\t\t\t\t<div class=\"elementor-widget-container\">\n\t\t\t\t\t\t\t\t\t\t\t\t\t\t\t<img fetchpriority=\"high\" decoding=\"async\" width=\"300\" height=\"220\" src=\"https:\/\/laser.usal.es\/alf\/wp-content\/uploads\/2021\/06\/Logos-300x220.png\" class=\"attachment-medium size-medium wp-image-5599\" alt=\"\" srcset=\"https:\/\/laser.usal.es\/alf\/wp-content\/uploads\/2021\/06\/Logos-300x220.png 300w, https:\/\/laser.usal.es\/alf\/wp-content\/uploads\/2021\/06\/Logos-768x562.png 768w, https:\/\/laser.usal.es\/alf\/wp-content\/uploads\/2021\/06\/Logos.png 850w\" sizes=\"(max-width: 300px) 100vw, 300px\" \/>\t\t\t\t\t\t\t\t\t\t\t\t\t\t\t<\/div>\n\t\t\t\t<\/div>\n\t\t\t\t\t<\/div>\n\t\t<\/div>\n\t\t\t\t\t<\/div>\n\t\t<\/section>\n\t\t\t\t<\/div>\n\t\t\n<div class=\"twitter-share\"><a href=\"https:\/\/twitter.com\/intent\/tweet?via=OpticaExtrema\" class=\"twitter-share-button\">Twittear<\/a><\/div>\n","protected":false},"excerpt":{"rendered":"<p>La prestigiosa revista Optica acaba de publicar un nuevo art\u00edculo en el que se demuestra la generaci\u00f3n de luz de alta frecuencia con m\u00faltiples direcciones de vibraci\u00f3n y una estructura de fase espiral. La investigaci\u00f3n es fruto de una colaboraci\u00f3n te\u00f3rico-experimental internacional entre el Grupo de Aplicaciones del L\u00e1ser y Fot\u00f3nica de la Universidad de<\/p>\n","protected":false},"author":1,"featured_media":6279,"comment_status":"open","ping_status":"closed","sticky":false,"template":"","format":"standard","meta":{"footnotes":""},"categories":[426,388],"tags":[],"class_list":["post-6270","post","type-post","status-publish","format-standard","has-post-thumbnail","hentry","category-attostructura","category-resena"],"_links":{"self":[{"href":"https:\/\/laser.usal.es\/alf\/wp-json\/wp\/v2\/posts\/6270","targetHints":{"allow":["GET"]}}],"collection":[{"href":"https:\/\/laser.usal.es\/alf\/wp-json\/wp\/v2\/posts"}],"about":[{"href":"https:\/\/laser.usal.es\/alf\/wp-json\/wp\/v2\/types\/post"}],"author":[{"embeddable":true,"href":"https:\/\/laser.usal.es\/alf\/wp-json\/wp\/v2\/users\/1"}],"replies":[{"embeddable":true,"href":"https:\/\/laser.usal.es\/alf\/wp-json\/wp\/v2\/comments?post=6270"}],"version-history":[{"count":17,"href":"https:\/\/laser.usal.es\/alf\/wp-json\/wp\/v2\/posts\/6270\/revisions"}],"predecessor-version":[{"id":6288,"href":"https:\/\/laser.usal.es\/alf\/wp-json\/wp\/v2\/posts\/6270\/revisions\/6288"}],"wp:featuredmedia":[{"embeddable":true,"href":"https:\/\/laser.usal.es\/alf\/wp-json\/wp\/v2\/media\/6279"}],"wp:attachment":[{"href":"https:\/\/laser.usal.es\/alf\/wp-json\/wp\/v2\/media?parent=6270"}],"wp:term":[{"taxonomy":"category","embeddable":true,"href":"https:\/\/laser.usal.es\/alf\/wp-json\/wp\/v2\/categories?post=6270"},{"taxonomy":"post_tag","embeddable":true,"href":"https:\/\/laser.usal.es\/alf\/wp-json\/wp\/v2\/tags?post=6270"}],"curies":[{"name":"wp","href":"https:\/\/api.w.org\/{rel}","templated":true}]}}