{"id":6585,"date":"2022-02-17T14:00:07","date_gmt":"2022-02-17T13:00:07","guid":{"rendered":"https:\/\/laser.usal.es\/alf\/?p=6585"},"modified":"2022-02-17T14:03:22","modified_gmt":"2022-02-17T13:03:22","slug":"plaza-de-doctorado-en-inteligencia-artificial-aplicada-a","status":"publish","type":"post","link":"https:\/\/laser.usal.es\/alf\/es\/2022\/02\/17\/plaza-de-doctorado-en-inteligencia-artificial-aplicada-a\/","title":{"rendered":"Plaza de doctorado en inteligencia artificial aplicada a la f\u00edsica de pulsos l\u00e1ser de attosegundos"},"content":{"rendered":"\t\t<div data-elementor-type=\"wp-post\" data-elementor-id=\"6585\" class=\"elementor elementor-6585\">\n\t\t\t\t\t\t<section class=\"elementor-section elementor-top-section elementor-element elementor-element-816740c elementor-section-boxed elementor-section-height-default elementor-section-height-default\" data-id=\"816740c\" data-element_type=\"section\" data-e-type=\"section\">\n\t\t\t\t\t\t<div class=\"elementor-container elementor-column-gap-default\">\n\t\t\t\t\t<div class=\"elementor-column elementor-col-100 elementor-top-column elementor-element elementor-element-1799508\" data-id=\"1799508\" data-element_type=\"column\" data-e-type=\"column\">\n\t\t\t<div class=\"elementor-widget-wrap elementor-element-populated\">\n\t\t\t\t\t\t<div class=\"elementor-element elementor-element-b002b9e elementor-widget elementor-widget-text-editor\" data-id=\"b002b9e\" data-element_type=\"widget\" data-e-type=\"widget\" data-widget_type=\"text-editor.default\">\n\t\t\t\t<div class=\"elementor-widget-container\">\n\t\t\t\t\t\t\t\t\t<p style=\"text-align: justify;\">La <strong>Universidad de Salamanca (Espa\u00f1a<\/strong>) invita a postularse para un puesto de estudiante de doctorado de 3 a\u00f1os para obtener un doctorado en F\u00edsica, a partir de septiembre de 2022. El puesto forma parte del proyecto <strong><a href=\"https:\/\/laser.usal.es\/attostructura\/en\/home\/\" target=\"_blank\" rel=\"noopener\">ATTOSTRUCTURA<\/a><\/strong>, \u201cStructured attosecond pulses for ultrafast nanoscience\u201d, financiado por el Consejo Europeo de Investigaci\u00f3n (ERC) en el marco del programa de investigaci\u00f3n e innovaci\u00f3n Horizonte 2020 de la Uni\u00f3n Europea (acuerdo de subvenci\u00f3n n\u00ba 851201), supervisado por el <strong><a href=\"https:\/\/diarium.usal.es\/carloshergar\/\" target=\"_blank\" rel=\"noopener\">Dr. Carlos Hern\u00e1ndez-Garc\u00eda<\/a><\/strong>, y con una duraci\u00f3n de 5 a\u00f1os.<\/p>\t\t\t\t\t\t\t\t<\/div>\n\t\t\t\t<\/div>\n\t\t\t\t\t<\/div>\n\t\t<\/div>\n\t\t\t\t\t<\/div>\n\t\t<\/section>\n\t\t\t\t<section class=\"elementor-section elementor-top-section elementor-element elementor-element-9963764 elementor-section-boxed elementor-section-height-default elementor-section-height-default\" data-id=\"9963764\" data-element_type=\"section\" data-e-type=\"section\">\n\t\t\t\t\t\t<div class=\"elementor-container elementor-column-gap-default\">\n\t\t\t\t\t<div class=\"elementor-column elementor-col-66 elementor-top-column elementor-element elementor-element-97d5086\" data-id=\"97d5086\" data-element_type=\"column\" data-e-type=\"column\">\n\t\t\t<div class=\"elementor-widget-wrap elementor-element-populated\">\n\t\t\t\t\t\t<div class=\"elementor-element elementor-element-1a68e49 elementor-widget elementor-widget-text-editor\" data-id=\"1a68e49\" data-element_type=\"widget\" data-e-type=\"widget\" data-widget_type=\"text-editor.default\">\n\t\t\t\t<div class=\"elementor-widget-container\">\n\t\t\t\t\t\t\t\t\t<p><strong>Fecha limite de solicitud: 2 Mayo\u00a02022<\/strong><\/p>\t\t\t\t\t\t\t\t<\/div>\n\t\t\t\t<\/div>\n\t\t\t\t\t<\/div>\n\t\t<\/div>\n\t\t\t\t<div class=\"elementor-column elementor-col-33 elementor-top-column elementor-element elementor-element-8555350\" data-id=\"8555350\" data-element_type=\"column\" data-e-type=\"column\">\n\t\t\t<div class=\"elementor-widget-wrap elementor-element-populated\">\n\t\t\t\t\t\t<div class=\"elementor-element elementor-element-bec2dc6 elementor-button-danger elementor-align-center elementor-widget elementor-widget-button\" data-id=\"bec2dc6\" data-element_type=\"widget\" data-e-type=\"widget\" data-widget_type=\"button.default\">\n\t\t\t\t<div class=\"elementor-widget-container\">\n\t\t\t\t\t\t\t\t\t<div class=\"elementor-button-wrapper\">\n\t\t\t\t\t<a class=\"elementor-button elementor-button-link elementor-size-md\" href=\"https:\/\/laser.usal.es\/attostructura\/wp-content\/uploads\/2022\/02\/PhD-ATTOSTRUCTURA_AI.pdf\">\n\t\t\t\t\t\t<span class=\"elementor-button-content-wrapper\">\n\t\t\t\t\t\t\t\t\t<span class=\"elementor-button-text\">Descargar informaci\u00f3n<\/span>\n\t\t\t\t\t<\/span>\n\t\t\t\t\t<\/a>\n\t\t\t\t<\/div>\n\t\t\t\t\t\t\t\t<\/div>\n\t\t\t\t<\/div>\n\t\t\t\t\t<\/div>\n\t\t<\/div>\n\t\t\t\t\t<\/div>\n\t\t<\/section>\n\t\t\t\t<section class=\"elementor-section elementor-top-section elementor-element elementor-element-af8430a elementor-section-boxed elementor-section-height-default elementor-section-height-default\" data-id=\"af8430a\" data-element_type=\"section\" data-e-type=\"section\">\n\t\t\t\t\t\t<div class=\"elementor-container elementor-column-gap-default\">\n\t\t\t\t\t<div class=\"elementor-column elementor-col-100 elementor-top-column elementor-element elementor-element-0a1c675\" data-id=\"0a1c675\" data-element_type=\"column\" data-e-type=\"column\">\n\t\t\t<div class=\"elementor-widget-wrap elementor-element-populated\">\n\t\t\t\t\t\t<div class=\"elementor-element elementor-element-a4ff0c8 elementor-widget elementor-widget-eael-adv-accordion\" data-id=\"a4ff0c8\" data-element_type=\"widget\" data-e-type=\"widget\" data-widget_type=\"eael-adv-accordion.default\">\n\t\t\t\t<div class=\"elementor-widget-container\">\n\t\t\t\t\t            <div class=\"eael-adv-accordion\" id=\"eael-adv-accordion-a4ff0c8\" data-scroll-on-click=\"no\" data-scroll-speed=\"300\" data-accordion-id=\"a4ff0c8\" data-accordion-type=\"accordion\" data-toogle-speed=\"300\">\n            <div class=\"eael-accordion-list\">\n\t\t\t\t\t<div id=\"informacion-del-proyecto\" class=\"elementor-tab-title eael-accordion-header\" tabindex=\"0\" data-tab=\"1\" aria-controls=\"elementor-tab-content-1731\"><span class=\"eael-accordion-tab-title\">Informacion del proyecto<\/span><\/div><div id=\"elementor-tab-content-1731\" class=\"eael-accordion-content clearfix\" data-tab=\"1\" aria-labelledby=\"informacion-del-proyecto\"><p style=\"text-align: justify\">El candidato formara parte del proyecto \u201cStructured attosecond pulses for ultrafast nanoscience\u201d en el grupo de Investigaci\u00f3n en Aplicaciones del L\u00e1ser y Fot\u00f3nica (ALF-USAL) de la Universidad de Salamanca (https:\/\/laser.usal.es\/alf\/en\/home\/) .<\/p><p style=\"text-align: justify\">ALF-USAL es un grupo de investigaci\u00f3n interdisciplinario en \u00f3ptica con experiencia tanto en teor\u00eda (f\u00edsica de campo fuerte, \u00f3ptica no lineal, fen\u00f3menos ultrarr\u00e1pidos, ciencia de attosegundos) como en experimentos (caracterizaci\u00f3n de pulsos ultracortos, modelado de pulsos, cristales fot\u00f3nicos, micromecanizado ultracorto).<\/p><p style=\"text-align: justify\">El candidato desarrollara su investigaci\u00f3n en la generaci\u00f3n y los pulsos estructurados ultracortos y su aplicaci\u00f3n en el magnetismo ultrarr\u00e1pido, un campo emergente que est\u00e1 abriendo escenarios emocionantes en la interacci\u00f3n l\u00e1ser-materia en el nivel m\u00e1s fundamental, fusionando los campos de la \u00d3ptica y el Magnetismo.<\/p><p>Algunos de los resultados recientes se han publicado en revistas cient\u00edficas de alto factor de impacto:<\/p><p style=\"text-align: justify\">-\u201c<a href=\"https:\/\/science.sciencemag.org\/content\/364\/6447\/eaaw9486\">Generation of extreme-ultraviolet beams with time-varying orbital angular momentum<\/a>\u201d,\u00a0L. Rego, K. M. Dorney, N. J. Brooks, Q. Nguyen, C-T. Liao, J. San Rom\u00e1n, D. E. Couch, Allison\u00a0Liu, E. Pisanty, M. Lewenstein, L. Plaja, H. C. Kapteyn, M. M. Murnane, C. Hern\u00e1ndez-Garc\u00eda, Science 364, eaaw9486 (2019). Highlighted in the media:<\/p><ul><li><a href=\"https:\/\/www.nationalgeographic.com\/science\/article\/physicists-discover-croissant-shaped-twists-of-light-new-property-optics\">Physicists discover croissant-shaped twists of light<\/a>. National Geographic (USA)<\/li><li><a href=\"https:\/\/physicsworld.com\/a\/twisted-light-gains-angular-momentum-through-self-torque\/\">Twisted light gains angular momentum through \u2018self-torque<\/a>\u2019. PhysicsWorld (UK)<\/li><li><a href=\"https:\/\/elpais.com\/elpais\/2019\/06\/26\/ciencia\/1561572669_082334.html\">Descubierta una nueva propiedad de la luz.<\/a> El Pa\u00eds (Spain)<\/li><li><a href=\"https:\/\/www.elmundo.es\/ciencia-y-salud\/ciencia\/2019\/06\/27\/5d14e1ee21efa0b0578b45d5.html\">F\u00edsicos espa\u00f1oles descubren una nueva propiedad de la luz<\/a>. El Mundo (Spain)<\/li><\/ul><p>-\u201c<a href=\"https:\/\/www.nature.com\/articles\/s41566-018-0304-3\">Controlling the polarization and vortex charge of attosecond high-harmonic beams via\u00a0simultaneous spin-orbit momentum conservation<\/a>\u201d, K. M. Dorney, L. Rego, N. Brooks, J. San\u00a0Rom\u00e1n, C-T. Liao, J. L. Ellis, D. Zusin, C. Gentry, Q. Nguyen, J. M. Shaw, A. Pic\u00f3n, L. Plaja, H.\u00a0C. Kapteyn, M. M. Murnane, C. Hern\u00e1ndez-Garc\u00eda, Nature Photonics 13, 123\u2013130 (2019).<\/p><p>-\u201c<a href=\"https:\/\/opg.optica.org\/optica\/fulltext.cfm?uri=optica-9-1-71&amp;id=467960\">Extreme-Ultraviolet Vector-Vortex Beams from High Harmonic Generation<\/a>\u201c, Alba de las Heras,\u00a0 Alok P. Pandey, Julio San Rom\u00e1n, Javier Serrano, Elsa Baynard, Guillaume Dovillaire, Moana Pittman, Charles Durfee, Luis Plaja, Sophie Kazamias, Olivier Guilbaud,\u00a0Carlos Hern\u00e1ndez-Garc\u00eda,\u00a0<em><strong>Optica 9<\/strong><\/em>, 71-79 (2022).<\/p><p><a href=\"https:\/\/www.science.org\/doi\/10.1126\/sciadv.abj7380\">-\u201cNecklace-structured high harmonic generation for low-divergence, soft X-ray harmonic combs with tunable line spacing\u201d<\/a>,\u00a0Laura Rego, Nathan J. Brooks, Quynh L. D. Nguyen, Julio San Rom\u00e1n, Iona Binnie, Luis Plaja, Henry C. Kapteyn, Margaret M. Murnane, Carlos Hern\u00e1ndez-Garc\u00eda,\u00a0<strong><em>Science Advances\u00a08<\/em><\/strong><em>,\u00a0<\/em>eabj7380 (2022)<em>.<\/em><\/p><\/div>\n\t\t\t\t\t<\/div><div class=\"eael-accordion-list\">\n\t\t\t\t\t<div id=\"perfil-del-puesto\" class=\"elementor-tab-title eael-accordion-header\" tabindex=\"0\" data-tab=\"2\" aria-controls=\"elementor-tab-content-1732\"><span class=\"eael-accordion-tab-title\">Perfil del puesto<\/span><\/div><div id=\"elementor-tab-content-1732\" class=\"eael-accordion-content clearfix\" data-tab=\"2\" aria-labelledby=\"perfil-del-puesto\"><p style=\"text-align: justify\">El candidato desarrollar\u00e1 su investigaci\u00f3n en la aplicaci\u00f3n de la Inteligencia Artificial a la F\u00edsica detr\u00e1s de la generaci\u00f3n de pulsos estructurados ultracortos, un campo emergente que est\u00e1 abriendo escenarios emocionantes en la interacci\u00f3n l\u00e1ser-materia en el nivel m\u00e1s fundamental, fusionando los campos de la \u00d3ptica y las Ciencias de la Computaci\u00f3n. El candidato ser\u00e1 asesorado as\u00ed por dos expertos en cada uno de esos campos:<\/p><ul><li style=\"text-align: justify\">Dr. Javier Serrano (experto en computaci\u00f3n de alto rendimiento, inteligencia artificial)<\/li><li style=\"text-align: justify\">Dr. Carlos Hern\u00e1ndez-Garc\u00eda (experto en pulsos l\u00e1ser estructurados ultracortos y \u00f3ptica no lineal<\/li><\/ul><\/div>\n\t\t\t\t\t<\/div><div class=\"eael-accordion-list\">\n\t\t\t\t\t<div id=\"funciones-del-puesto\" class=\"elementor-tab-title eael-accordion-header\" tabindex=\"0\" data-tab=\"3\" aria-controls=\"elementor-tab-content-1733\"><span class=\"eael-accordion-tab-title\">Funciones del puesto<\/span><\/div><div id=\"elementor-tab-content-1733\" class=\"eael-accordion-content clearfix\" data-tab=\"3\" aria-labelledby=\"funciones-del-puesto\"><ul><li style=\"text-align: justify\">Desarrollo e implementaci\u00f3n de m\u00e9todos te\u00f3ricos para describir la interacci\u00f3n de pulsos l\u00e1ser estructurados de femtosegundos y attosegundos con sistemas at\u00f3micos y s\u00f3lidos.<\/li><li style=\"text-align: justify\">Uso de librer\u00edas de Inteligencia Artificial como Keras \/ Tensorflow para el dise\u00f1o, entrenamiento y aplicaci\u00f3n de redes neuronales a la generaci\u00f3n de pulsos estructurados ultracortos.<\/li><li style=\"text-align: justify\">Desarrollo y mejora de software usando C\/C++ o Fortran para simular generaci\u00f3n de altos arm\u00f3nicos, aprovechando recursos de HPC y tecnolog\u00edas como OpenMP, MPI y CUDA.<\/li><li style=\"text-align: justify\">Aplicaci\u00f3n de los c\u00f3digos desarrollados para explorar los l\u00edmites de la generaci\u00f3n de pulsos de subattosegundos, con posibilidades de interactuar con colaboradores experimentales.<\/li><\/ul><\/div>\n\t\t\t\t\t<\/div><div class=\"eael-accordion-list\">\n\t\t\t\t\t<div id=\"requisitos\" class=\"elementor-tab-title eael-accordion-header\" tabindex=\"0\" data-tab=\"4\" aria-controls=\"elementor-tab-content-1734\"><span class=\"eael-accordion-tab-title\">Requisitos<\/span><\/div><div id=\"elementor-tab-content-1734\" class=\"eael-accordion-content clearfix\" data-tab=\"4\" aria-labelledby=\"requisitos\"><ul><li style=\"text-align: justify\">T\u00edtulo universitario en F\u00edsica o Ciencias de la Computaci\u00f3n.<\/li><li style=\"text-align: justify\">Programa de master, relacionado con la f\u00edsica o relacionado con las ciencias de la computaci\u00f3n.<\/li><li style=\"text-align: justify\">Habilidades de programaci\u00f3n en Python, C\/C++ y\/o Fortran.<\/li><li style=\"text-align: justify\">Nivel avanzado de ingl\u00e9s: superior al B2 seg\u00fan el Marco Com\u00fan Europeo de Referencia para las Lenguas o equivalente.<\/li><li style=\"text-align: justify\">Los candidatos deben poder demostrar un historial prometedor de logros apropiados para la etapa de su carrera.<\/li><\/ul><\/div>\n\t\t\t\t\t<\/div><div class=\"eael-accordion-list\">\n\t\t\t\t\t<div id=\"condiciones-del-contrato\" class=\"elementor-tab-title eael-accordion-header\" tabindex=\"0\" data-tab=\"5\" aria-controls=\"elementor-tab-content-1735\"><span class=\"eael-accordion-tab-title\">Condiciones del contrato<\/span><\/div><div id=\"elementor-tab-content-1735\" class=\"eael-accordion-content clearfix\" data-tab=\"5\" aria-labelledby=\"condiciones-del-contrato\"><ul><li>Tipo de contrato:<ul><li>Contrato de doctorado.<\/li><li>Limitado a 3 a\u00f1os, hasta el final del proyecto. Contrato a renovar anualmente.<\/li><li>Empleado a tiempo completo (37,5 horas a la semana)<\/li><\/ul><\/li><li>Compensaci\u00f3n econ\u00f3mica:<ul><li>Salario bruto de:<ul><li>1.300 \u20ac\/mes (14 salarios), durante el primer y segundo a\u00f1o.<\/li><li>1.384 \u20ac\/mes (14 sueldos), durante el tercer a\u00f1o<\/li><\/ul><\/li><\/ul><\/li><li>Proyecto de investigaci\u00f3n:<ul><li>ATTOSTRUCTURA, \u201cPulsos de attosegundo estructurados para la nanociencia ultrarr\u00e1pida\u201d, financiado por el Consejo Europeo de Investigaci\u00f3n (ERC)<\/li><\/ul><\/li><li>Lugar de trabajo:<ul><li>Grupo de Investigaci\u00f3n en Aplicaciones del L\u00e1ser y Fot\u00f3nica (ALF-USAL) de la Universidad de Salamanca (https:\/\/laser.usal.es\/alf\/en\/home\/), Espa\u00f1a.<\/li><\/ul><\/li><li>Fecha estimada de inicio: septiembre de 2022<\/li><\/ul><\/div>\n\t\t\t\t\t<\/div><\/div>\t\t\t\t<\/div>\n\t\t\t\t<\/div>\n\t\t\t\t\t<\/div>\n\t\t<\/div>\n\t\t\t\t\t<\/div>\n\t\t<\/section>\n\t\t\t\t<section class=\"elementor-section elementor-top-section elementor-element elementor-element-9abbe2b elementor-section-boxed elementor-section-height-default elementor-section-height-default\" data-id=\"9abbe2b\" data-element_type=\"section\" data-e-type=\"section\">\n\t\t\t\t\t\t<div class=\"elementor-container elementor-column-gap-default\">\n\t\t\t\t\t<div class=\"elementor-column elementor-col-100 elementor-top-column elementor-element elementor-element-23f1681\" data-id=\"23f1681\" data-element_type=\"column\" data-e-type=\"column\">\n\t\t\t<div class=\"elementor-widget-wrap elementor-element-populated\">\n\t\t\t\t\t\t<div class=\"elementor-element elementor-element-7227772 elementor-widget elementor-widget-text-editor\" data-id=\"7227772\" data-element_type=\"widget\" data-e-type=\"widget\" data-widget_type=\"text-editor.default\">\n\t\t\t\t<div class=\"elementor-widget-container\">\n\t\t\t\t\t\t\t\t\t<p>Los <strong>candidatos interesados<\/strong> deben enviar su<strong> CV (m\u00e1ximo 3 p\u00e1ginas<\/strong>), <strong>lista completa de calificaciones durante su carrera y master<\/strong>, <strong>declaraci\u00f3n personal<\/strong> con intereses y razones para solicitar el puesto, y <strong>dos cartas de recomendaci\u00f3n<\/strong> al Dr. Carlos Hern\u00e1ndez-Garc\u00eda a alf@usal .es<\/p><p>Para m\u00e1s informaci\u00f3n y consultas consulte la <a href=\"https:\/\/euraxess.ec.europa.eu\/jobs\/744695\">p\u00e1gina web de Euraxess<\/a>, o contacte con el Dr. Carlos Hern\u00e1ndez-Garc\u00eda en alf@usal.es.<\/p><p style=\"text-align: justify;\"><strong>PROCESO DE SELECCI\u00d3N<\/strong><\/p><p style=\"text-align: justify;\">El proceso de selecci\u00f3n se rige por los principios de publicidad, igualdad, m\u00e9rito y capacidad, constituyense al efecto un \u00f3rgano seleccionador integrado por representantes del grupo de investigaci\u00f3n de la USAL.<\/p><p>El proceso de selecci\u00f3n constar\u00e1 de dos fases:<\/p><ol><li>Fase de an\u00e1lisis y valor curricular de todas las candidaturas recibidas, clasificadas en funci\u00f3n de la mejor adecuaci\u00f3n del Curriculum vitae al perfil establecido y cumplimiento de los requisitos.<\/li><li>Entrevista personal: los tres candidatos con las puntuaciones m\u00e1s altas en la Fase 1 ser\u00e1n seleccionados para una entrevista personal<\/li><\/ol><p style=\"text-align: justify;\"><strong>COMISI\u00d3N DE SELECCI\u00d3N<\/strong><\/p><p style=\"text-align: justify;\">La comisi\u00f3n de selecci\u00f3n estar\u00e1 formada por los dos codirectores, el Dr. Javier Serrano y el Dr. Carlos Hern\u00e1ndez-Garc\u00eda, y un miembro del equipo de investigaci\u00f3n del grupo de Investigaci\u00f3n en Aplicaciones del L\u00e1ser y Fot\u00f3nica (ALF-USAL) de la Universidad de Salamanca.<\/p>\t\t\t\t\t\t\t\t<\/div>\n\t\t\t\t<\/div>\n\t\t\t\t\t<\/div>\n\t\t<\/div>\n\t\t\t\t\t<\/div>\n\t\t<\/section>\n\t\t\t\t<section class=\"elementor-section elementor-top-section elementor-element elementor-element-95c7754 elementor-section-boxed elementor-section-height-default elementor-section-height-default\" data-id=\"95c7754\" data-element_type=\"section\" data-e-type=\"section\">\n\t\t\t\t\t\t<div class=\"elementor-container elementor-column-gap-default\">\n\t\t\t\t\t<div class=\"elementor-column elementor-col-50 elementor-top-column elementor-element elementor-element-ef263b8\" data-id=\"ef263b8\" data-element_type=\"column\" data-e-type=\"column\">\n\t\t\t<div class=\"elementor-widget-wrap elementor-element-populated\">\n\t\t\t\t\t\t<div class=\"elementor-element elementor-element-b87af07 elementor-widget elementor-widget-text-editor\" data-id=\"b87af07\" data-element_type=\"widget\" data-e-type=\"widget\" data-widget_type=\"text-editor.default\">\n\t\t\t\t<div class=\"elementor-widget-container\">\n\t\t\t\t\t\t\t\t\t<p>Puede encontrar m\u00e1s informaci\u00f3n sobre el proyecto, el puesto y el proceso de solicitud en la p\u00e1gina web de Euraxess.<\/p>\t\t\t\t\t\t\t\t<\/div>\n\t\t\t\t<\/div>\n\t\t\t\t\t<\/div>\n\t\t<\/div>\n\t\t\t\t<div class=\"elementor-column elementor-col-50 elementor-top-column elementor-element elementor-element-841c854\" data-id=\"841c854\" data-element_type=\"column\" data-e-type=\"column\">\n\t\t\t<div class=\"elementor-widget-wrap elementor-element-populated\">\n\t\t\t\t\t\t<div class=\"elementor-element elementor-element-8cf12b0 elementor-button-danger elementor-align-center elementor-widget elementor-widget-button\" data-id=\"8cf12b0\" data-element_type=\"widget\" data-e-type=\"widget\" data-widget_type=\"button.default\">\n\t\t\t\t<div class=\"elementor-widget-container\">\n\t\t\t\t\t\t\t\t\t<div class=\"elementor-button-wrapper\">\n\t\t\t\t\t<a class=\"elementor-button elementor-button-link elementor-size-md\" href=\"https:\/\/euraxess.ec.europa.eu\/jobs\/744695\">\n\t\t\t\t\t\t<span class=\"elementor-button-content-wrapper\">\n\t\t\t\t\t\t\t\t\t<span class=\"elementor-button-text\">M\u00e1s informaci\u00f3n<\/span>\n\t\t\t\t\t<\/span>\n\t\t\t\t\t<\/a>\n\t\t\t\t<\/div>\n\t\t\t\t\t\t\t\t<\/div>\n\t\t\t\t<\/div>\n\t\t\t\t\t<\/div>\n\t\t<\/div>\n\t\t\t\t\t<\/div>\n\t\t<\/section>\n\t\t\t\t<section class=\"elementor-section elementor-top-section elementor-element elementor-element-f84298a elementor-section-boxed elementor-section-height-default elementor-section-height-default\" data-id=\"f84298a\" data-element_type=\"section\" data-e-type=\"section\">\n\t\t\t\t\t\t<div class=\"elementor-container elementor-column-gap-default\">\n\t\t\t\t\t<div class=\"elementor-column elementor-col-100 elementor-top-column elementor-element elementor-element-e494ba5\" data-id=\"e494ba5\" data-element_type=\"column\" data-e-type=\"column\">\n\t\t\t<div class=\"elementor-widget-wrap elementor-element-populated\">\n\t\t\t\t\t\t<div class=\"elementor-element elementor-element-c1791e6 elementor-widget elementor-widget-image\" data-id=\"c1791e6\" data-element_type=\"widget\" data-e-type=\"widget\" data-widget_type=\"image.default\">\n\t\t\t\t<div class=\"elementor-widget-container\">\n\t\t\t\t\t\t\t\t\t\t\t\t\t\t\t<img fetchpriority=\"high\" decoding=\"async\" width=\"300\" height=\"220\" src=\"https:\/\/laser.usal.es\/alf\/wp-content\/uploads\/2021\/06\/Logos-1-300x220.png\" class=\"attachment-medium size-medium wp-image-6346\" alt=\"\" srcset=\"https:\/\/laser.usal.es\/alf\/wp-content\/uploads\/2021\/06\/Logos-1-300x220.png 300w, https:\/\/laser.usal.es\/alf\/wp-content\/uploads\/2021\/06\/Logos-1-768x562.png 768w, https:\/\/laser.usal.es\/alf\/wp-content\/uploads\/2021\/06\/Logos-1.png 850w\" sizes=\"(max-width: 300px) 100vw, 300px\" \/>\t\t\t\t\t\t\t\t\t\t\t\t\t\t\t<\/div>\n\t\t\t\t<\/div>\n\t\t\t\t\t<\/div>\n\t\t<\/div>\n\t\t\t\t\t<\/div>\n\t\t<\/section>\n\t\t\t\t<\/div>\n\t\t\n<div class=\"twitter-share\"><a href=\"https:\/\/twitter.com\/intent\/tweet?via=OpticaExtrema\" class=\"twitter-share-button\">Twittear<\/a><\/div>\n","protected":false},"excerpt":{"rendered":"<p>La Universidad de Salamanca (Espa\u00f1a) invita a postularse para un puesto de estudiante de doctorado de 3 a\u00f1os para obtener un doctorado en F\u00edsica, a partir de septiembre de 2022. El puesto forma parte del proyecto ATTOSTRUCTURA, \u201cStructured attosecond pulses for ultrafast nanoscience\u201d, financiado por el Consejo Europeo de Investigaci\u00f3n (ERC) en el marco del<\/p>\n","protected":false},"author":1,"featured_media":2921,"comment_status":"open","ping_status":"open","sticky":false,"template":"","format":"standard","meta":{"footnotes":""},"categories":[426,382,414],"tags":[],"class_list":["post-6585","post","type-post","status-publish","format-standard","has-post-thumbnail","hentry","category-attostructura","category-oferta-de-empleo","category-post_spn"],"_links":{"self":[{"href":"https:\/\/laser.usal.es\/alf\/wp-json\/wp\/v2\/posts\/6585","targetHints":{"allow":["GET"]}}],"collection":[{"href":"https:\/\/laser.usal.es\/alf\/wp-json\/wp\/v2\/posts"}],"about":[{"href":"https:\/\/laser.usal.es\/alf\/wp-json\/wp\/v2\/types\/post"}],"author":[{"embeddable":true,"href":"https:\/\/laser.usal.es\/alf\/wp-json\/wp\/v2\/users\/1"}],"replies":[{"embeddable":true,"href":"https:\/\/laser.usal.es\/alf\/wp-json\/wp\/v2\/comments?post=6585"}],"version-history":[{"count":8,"href":"https:\/\/laser.usal.es\/alf\/wp-json\/wp\/v2\/posts\/6585\/revisions"}],"predecessor-version":[{"id":6594,"href":"https:\/\/laser.usal.es\/alf\/wp-json\/wp\/v2\/posts\/6585\/revisions\/6594"}],"wp:featuredmedia":[{"embeddable":true,"href":"https:\/\/laser.usal.es\/alf\/wp-json\/wp\/v2\/media\/2921"}],"wp:attachment":[{"href":"https:\/\/laser.usal.es\/alf\/wp-json\/wp\/v2\/media?parent=6585"}],"wp:term":[{"taxonomy":"category","embeddable":true,"href":"https:\/\/laser.usal.es\/alf\/wp-json\/wp\/v2\/categories?post=6585"},{"taxonomy":"post_tag","embeddable":true,"href":"https:\/\/laser.usal.es\/alf\/wp-json\/wp\/v2\/tags?post=6585"}],"curies":[{"name":"wp","href":"https:\/\/api.w.org\/{rel}","templated":true}]}}