{"id":8434,"date":"2023-09-01T12:26:00","date_gmt":"2023-09-01T11:26:00","guid":{"rendered":"https:\/\/laser.usal.es\/alf\/?p=8434"},"modified":"2024-02-29T14:38:01","modified_gmt":"2024-02-29T13:38:01","slug":"creacion-de-la-unidad-de-excelencia-lumes","status":"publish","type":"post","link":"https:\/\/laser.usal.es\/alf\/es\/2023\/09\/01\/creacion-de-la-unidad-de-excelencia-lumes\/","title":{"rendered":"Creaci\u00f3n de la Unidad de Excelencia LUMES"},"content":{"rendered":"\t\t<div data-elementor-type=\"wp-post\" data-elementor-id=\"8434\" class=\"elementor elementor-8434\">\n\t\t\t\t\t\t<section class=\"elementor-section elementor-top-section elementor-element elementor-element-202528a elementor-section-boxed elementor-section-height-default elementor-section-height-default\" data-id=\"202528a\" data-element_type=\"section\" data-e-type=\"section\">\n\t\t\t\t\t\t<div class=\"elementor-container elementor-column-gap-default\">\n\t\t\t\t\t<div class=\"elementor-column elementor-col-100 elementor-top-column elementor-element elementor-element-8922eec\" data-id=\"8922eec\" data-element_type=\"column\" data-e-type=\"column\">\n\t\t\t<div class=\"elementor-widget-wrap elementor-element-populated\">\n\t\t\t\t\t\t<div class=\"elementor-element elementor-element-8299e8f elementor-widget elementor-widget-text-editor\" data-id=\"8299e8f\" data-element_type=\"widget\" data-e-type=\"widget\" data-widget_type=\"text-editor.default\">\n\t\t\t\t<div class=\"elementor-widget-container\">\n\t\t\t\t\t\t\t\t\t<p style=\"text-align: justify;\">El pasado mes de junio se cre\u00f3 la <strong>Unidad de Excelencia en LUz y Materia EStructuradas LUMES<\/strong>.<\/p><p style=\"text-align: justify;\">La creaci\u00f3n de la Unidad de Excelencia en LUz y Materia EStructuradas representa un paso adelante en la consolidaci\u00f3n de la Universidad de Salamanca como referente internacional en la comprensi\u00f3n y aplicaci\u00f3n de las interacciones entre la luz y la materia en la escala ultrarr\u00e1pida y nanom\u00e9trica. Mediante la colaboraci\u00f3n interdisciplinaria y la formaci\u00f3n de j\u00f3venes investigadores, esta Unidad se posicionar\u00e1 como un l\u00edder internacional en el desarrollo de tecnolog\u00edas aplicaciones de la luz l\u00e1ser estructurada al estudio de nuevos materiales. Se espera que los avances cient\u00edficos y tecnol\u00f3gicos obtenidos impulsen la innovaci\u00f3n en campos como la fot\u00f3nica, la optoelectr\u00f3nica, la nanotecnolog\u00eda y la \u00f3ptica cu\u00e1ntica, \u00e1mbitos con un impacto transversal en m\u00faltiples disciplinas de la ciencia.<\/p><p style=\"text-align: justify;\">La Unidad de Excelencia LUMES, abordar\u00e1 diversas tem\u00e1ticas de vanguardia en los \u00e1mbitos de la \u00f3ptica ultrarr\u00e1pida y no lineal, y la ciencia de materiales, incluyendo el desarrollo de l\u00e1seres ultrarr\u00e1pidos estructurados espaciotemporalmente en un amplio rango espectral (desde THz hasta rayos X); el estudio de las propiedades electr\u00f3nicas, \u00f3pticas y magn\u00e9ticas de materiales 2D a nivel cu\u00e1ntico y sus heteroestructuras van der Waals asociadas; la interacci\u00f3n de estos materiales con luz estructurada ultrarr\u00e1pida; el procesado de materiales mediante l\u00e1seres ultraintensos; y el estudio de la din\u00e1mica ultrarr\u00e1pida en materiales magn\u00e9ticos excitados con pulsos l\u00e1ser estructurados, entre otros.<\/p><p style=\"text-align: justify;\">La Unidad de Excelencia LUMES est\u00e1 formada por 8 investigadores garantes y un total de 32 investigadores doctores, con adscripci\u00f3n en el <strong><a href=\"https:\/\/dfa.usal.es\/\" target=\"_blank\" rel=\"noopener\">Departamento de F\u00edsica Aplicada<\/a><\/strong> de la USAL, el <strong><a href=\"https:\/\/www.clpu.es\/\" target=\"_blank\" rel=\"noopener\">Centro de L\u00e1seres Pulsados<\/a><\/strong>, y el <strong><a href=\"https:\/\/departamentoingenieriamecanica.usal.es\/\" target=\"_blank\" rel=\"noopener\">Departamento de Ingenier\u00eda Mec\u00e1nica<\/a><\/strong> de la USAL. La unidad estar\u00e1 dirigida por Carlos Hern\u00e1ndez Garc\u00eda.<\/p>\t\t\t\t\t\t\t\t<\/div>\n\t\t\t\t<\/div>\n\t\t\t\t\t<\/div>\n\t\t<\/div>\n\t\t\t\t\t<\/div>\n\t\t<\/section>\n\t\t\t\t<\/div>\n\t\t\n<div class=\"twitter-share\"><a href=\"https:\/\/twitter.com\/intent\/tweet?via=OpticaExtrema\" class=\"twitter-share-button\">Twittear<\/a><\/div>\n","protected":false},"excerpt":{"rendered":"<p>El pasado mes de junio se cre\u00f3 la Unidad de Excelencia en LUz y Materia EStructuradas LUMES. La creaci\u00f3n de la Unidad de Excelencia en LUz y Materia EStructuradas representa un paso adelante en la consolidaci\u00f3n de la Universidad de Salamanca como referente internacional en la comprensi\u00f3n y aplicaci\u00f3n de las interacciones entre la luz<\/p>\n","protected":false},"author":1,"featured_media":8435,"comment_status":"open","ping_status":"open","sticky":false,"template":"","format":"standard","meta":{"footnotes":""},"categories":[534,376,400],"tags":[],"class_list":["post-8434","post","type-post","status-publish","format-standard","has-post-thumbnail","hentry","category-lumes","category-noticias","category-resultados-alf"],"_links":{"self":[{"href":"https:\/\/laser.usal.es\/alf\/wp-json\/wp\/v2\/posts\/8434","targetHints":{"allow":["GET"]}}],"collection":[{"href":"https:\/\/laser.usal.es\/alf\/wp-json\/wp\/v2\/posts"}],"about":[{"href":"https:\/\/laser.usal.es\/alf\/wp-json\/wp\/v2\/types\/post"}],"author":[{"embeddable":true,"href":"https:\/\/laser.usal.es\/alf\/wp-json\/wp\/v2\/users\/1"}],"replies":[{"embeddable":true,"href":"https:\/\/laser.usal.es\/alf\/wp-json\/wp\/v2\/comments?post=8434"}],"version-history":[{"count":18,"href":"https:\/\/laser.usal.es\/alf\/wp-json\/wp\/v2\/posts\/8434\/revisions"}],"predecessor-version":[{"id":8494,"href":"https:\/\/laser.usal.es\/alf\/wp-json\/wp\/v2\/posts\/8434\/revisions\/8494"}],"wp:featuredmedia":[{"embeddable":true,"href":"https:\/\/laser.usal.es\/alf\/wp-json\/wp\/v2\/media\/8435"}],"wp:attachment":[{"href":"https:\/\/laser.usal.es\/alf\/wp-json\/wp\/v2\/media?parent=8434"}],"wp:term":[{"taxonomy":"category","embeddable":true,"href":"https:\/\/laser.usal.es\/alf\/wp-json\/wp\/v2\/categories?post=8434"},{"taxonomy":"post_tag","embeddable":true,"href":"https:\/\/laser.usal.es\/alf\/wp-json\/wp\/v2\/tags?post=8434"}],"curies":[{"name":"wp","href":"https:\/\/api.w.org\/{rel}","templated":true}]}}