{"id":528,"date":"2015-01-20T09:20:22","date_gmt":"2015-01-20T09:20:22","guid":{"rendered":"http:\/\/laser.usal.es\/posgrado\/2015\/01\/20\/laser20002015\/"},"modified":"2015-01-20T09:20:22","modified_gmt":"2015-01-20T09:20:22","slug":"laser20002015","status":"publish","type":"post","link":"https:\/\/laser.usal.es\/posgrado\/2015\/01\/20\/laser20002015\/","title":{"rendered":"Oferta de trabajo como comercial en Laser 2000"},"content":{"rendered":"<p>Se trata de un contrato como aprendiz de comercial con un primer periodo de formaci\u00f3n de 1 a 2 a\u00f1os en Alemania para luego incorporarse en el equipo que trabaja en la Pen\u00ednsula Ib\u00e9rica. M\u00e1s  informaci\u00f3n en <strong><a href=\"https:\/\/laser.usal.es\/posgrado\/wp-content\/uploads\/2015\/01\/oferta%20trabajo%20laser%202000_1501.pdf\"><strong>aqu\u00ed<\/strong><\/a><\/strong>.<\/p>\n","protected":false},"excerpt":{"rendered":"<p>Se trata de un contrato como aprendiz de comercial con un primer periodo de formaci\u00f3n de 1 a 2 a\u00f1os en Alemania para luego incorporarse en el equipo que trabaja en la Pen\u00ednsula Ib\u00e9rica. M\u00e1s informaci\u00f3n en aqu\u00ed.<\/p>\n","protected":false},"author":1,"featured_media":0,"comment_status":"open","ping_status":"open","sticky":false,"template":"","format":"standard","meta":{"_monsterinsights_skip_tracking":false,"_monsterinsights_sitenote_active":false,"_monsterinsights_sitenote_note":"","_monsterinsights_sitenote_category":0,"footnotes":""},"categories":[21],"tags":[],"class_list":["post-528","post","type-post","status-publish","format-standard","hentry","category-becas-otras"],"_links":{"self":[{"href":"https:\/\/laser.usal.es\/posgrado\/wp-json\/wp\/v2\/posts\/528","targetHints":{"allow":["GET"]}}],"collection":[{"href":"https:\/\/laser.usal.es\/posgrado\/wp-json\/wp\/v2\/posts"}],"about":[{"href":"https:\/\/laser.usal.es\/posgrado\/wp-json\/wp\/v2\/types\/post"}],"author":[{"embeddable":true,"href":"https:\/\/laser.usal.es\/posgrado\/wp-json\/wp\/v2\/users\/1"}],"replies":[{"embeddable":true,"href":"https:\/\/laser.usal.es\/posgrado\/wp-json\/wp\/v2\/comments?post=528"}],"version-history":[{"count":0,"href":"https:\/\/laser.usal.es\/posgrado\/wp-json\/wp\/v2\/posts\/528\/revisions"}],"wp:attachment":[{"href":"https:\/\/laser.usal.es\/posgrado\/wp-json\/wp\/v2\/media?parent=528"}],"wp:term":[{"taxonomy":"category","embeddable":true,"href":"https:\/\/laser.usal.es\/posgrado\/wp-json\/wp\/v2\/categories?post=528"},{"taxonomy":"post_tag","embeddable":true,"href":"https:\/\/laser.usal.es\/posgrado\/wp-json\/wp\/v2\/tags?post=528"}],"curies":[{"name":"wp","href":"https:\/\/api.w.org\/{rel}","templated":true}]}}