{"id":83,"date":"2013-12-27T00:00:00","date_gmt":"2013-12-27T00:00:00","guid":{"rendered":"http:\/\/laser.usal.es\/posgrado\/2013\/12\/27\/becas-jcyl\/"},"modified":"2013-12-27T00:00:00","modified_gmt":"2013-12-27T00:00:00","slug":"becas-jcyl","status":"publish","type":"post","link":"https:\/\/laser.usal.es\/posgrado\/2013\/12\/27\/becas-jcyl\/","title":{"rendered":"Contratos JCyL"},"content":{"rendered":"<p style=\"text-align: justify;\">La Junta de Castilla y Le\u00f3n convoca cada a\u00f1o <a href=\"http:\/\/www.educa.jcyl.es\/universidad\/es\/investigacion-innovacion\/ayudas-subvenciones\/ayudas-financiar-contratacion-predoctoral-personal-investig\"><strong>ayudas para la contrataci\u00f3n de personal investigador<\/strong><\/a> de reciente titulaci\u00f3n universitaria.<\/p>\n<p style=\"text-align: justify;\">La <strong><a href=\"http:\/\/www.educa.jcyl.es\/es\/resumenbocyl\/orden-edu-310-2015-10-abril-convocan-ayudas-destinadas-fina\">convocatoria del a\u00f1o 2015<\/a><\/strong> se ha publicado el 10 de abril.<\/p>\n<p style=\"text-align: justify;\">\u00a0<\/p>\n<p style=\"text-align: justify;\">Plazo: hasta el<strong> 15 de mayo de 2015<\/strong>.<\/p>\n","protected":false},"excerpt":{"rendered":"<p>La Junta de Castilla y Le\u00f3n convoca cada a\u00f1o ayudas para la contrataci\u00f3n de personal investigador de reciente titulaci\u00f3n universitaria. La convocatoria del a\u00f1o 2015 se ha publicado el 10 de abril. \u00a0 Plazo: hasta el 15 de mayo de 2015.<\/p>\n","protected":false},"author":1,"featured_media":0,"comment_status":"open","ping_status":"open","sticky":false,"template":"","format":"standard","meta":{"_monsterinsights_skip_tracking":false,"_monsterinsights_sitenote_active":false,"_monsterinsights_sitenote_note":"","_monsterinsights_sitenote_category":0,"footnotes":""},"categories":[20],"tags":[],"class_list":["post-83","post","type-post","status-publish","format-standard","hentry","category-becas-doctorado"],"_links":{"self":[{"href":"https:\/\/laser.usal.es\/posgrado\/wp-json\/wp\/v2\/posts\/83","targetHints":{"allow":["GET"]}}],"collection":[{"href":"https:\/\/laser.usal.es\/posgrado\/wp-json\/wp\/v2\/posts"}],"about":[{"href":"https:\/\/laser.usal.es\/posgrado\/wp-json\/wp\/v2\/types\/post"}],"author":[{"embeddable":true,"href":"https:\/\/laser.usal.es\/posgrado\/wp-json\/wp\/v2\/users\/1"}],"replies":[{"embeddable":true,"href":"https:\/\/laser.usal.es\/posgrado\/wp-json\/wp\/v2\/comments?post=83"}],"version-history":[{"count":0,"href":"https:\/\/laser.usal.es\/posgrado\/wp-json\/wp\/v2\/posts\/83\/revisions"}],"wp:attachment":[{"href":"https:\/\/laser.usal.es\/posgrado\/wp-json\/wp\/v2\/media?parent=83"}],"wp:term":[{"taxonomy":"category","embeddable":true,"href":"https:\/\/laser.usal.es\/posgrado\/wp-json\/wp\/v2\/categories?post=83"},{"taxonomy":"post_tag","embeddable":true,"href":"https:\/\/laser.usal.es\/posgrado\/wp-json\/wp\/v2\/tags?post=83"}],"curies":[{"name":"wp","href":"https:\/\/api.w.org\/{rel}","templated":true}]}}